{"id":4967,"date":"2016-08-09T22:18:09","date_gmt":"2016-08-10T02:18:09","guid":{"rendered":"http:\/\/manoirdauteuil.com\/?p=4967"},"modified":"2021-04-09T00:01:27","modified_gmt":"2021-04-09T04:01:27","slug":"lhotel-de-ville-de-la-ville-de-quebec","status":"publish","type":"post","link":"https:\/\/www.manoirdauteuil.com\/fr\/lhotel-de-ville-de-la-ville-de-quebec\/","title":{"rendered":"L&rsquo;H\u00f4tel de ville de la ville de Qu\u00e9bec"},"content":{"rendered":"<h1>L\u2019H\u00f4tel de ville de la ville de Qu\u00e9bec<\/h1>\n<p style=\"text-align: justify;\">Enti\u00e8rement construit de pierres de tailles par l\u2019architecte Georges-\u00c9mile Tanguay en 1896, l\u2019imposant \u00e9difice de l\u2019H\u00f4tel de ville de la ville de Qu\u00e9bec a \u00e9t\u00e9 con\u00e7u en forme de H.<\/p>\n<p style=\"text-align: justify;\">L\u2019H\u00f4tel de ville de Qu\u00e9bec est situ\u00e9 au c\u0153ur du Vieux-Qu\u00e9bec sur la magnifique rue des Jardins. En novembre 1984, l\u2019\u00e9difice a \u00e9t\u00e9 d\u00e9sign\u00e9 lieu historique nationale du Canada.<\/p>\n<p style=\"text-align: justify;\">C\u2019est en 1888, suite \u00e0 la d\u00e9molition en 1878 de l\u2019ancien coll\u00e8ge des J\u00e9suites, 10 ans auparavant, qui avait \u00e9t\u00e9 jadis construit en 1725, que l\u2019emplacement de l\u2019actuel h\u00f4tel de ville de Qu\u00e9bec a \u00e9t\u00e9 am\u00e9nag\u00e9. La ville de Qu\u00e9bec a donc fait l\u2019achat du dit terrain hautement convoit\u00e9 aupr\u00e8s du gouvernement du Qu\u00e9bec qui en \u00e9tait le d\u00e9tenteur. \u00c0 cet effet, une installation de trois pierres de fronton provenant de l\u2019ancien coll\u00e8ge d\u00e9truit sert aujourd\u2019hui de m\u00e9morial.<\/p>\n<p style=\"text-align: justify;\">Suite \u00e0 un concours de croquis, les architectes Canadiens et Am\u00e9ricains sont invit\u00e9s \u00e0 faire part de leurs visions dans le but de donner un nouveau souffle \u00e0 l\u2019Architecture de la ville de Qu\u00e9bec qui entre dans le XXe si\u00e8cle.<\/p>\n<p style=\"text-align: justify;\">Le style Second Empire fait l\u2019unanimit\u00e9 \u00e0 l\u2019\u00e9poque mais le projet tombe \u00e0 plat. Il faudra un nouveau maire, monsieur Parent avec son nouveau conseil de ville, pour relancer tout le projet. Il commandera ainsi une synth\u00e8se de tous les projets architecturaux re\u00e7u quelques ann\u00e9es plus t\u00f4t lors du concours pour le nouvel h\u00f4tel de ville.<\/p>\n<p style=\"text-align: justify;\">C\u2019est ainsi que l\u2019architecte Georges-\u00c9mile Tanguay eu pour mission de concevoir un nouveau plan \u00e0 partir de tous les plans re\u00e7u afin de traduire le dynamisme et le caract\u00e8re historique de la ville de Qu\u00e9bec.<\/p>\n<p style=\"text-align: justify;\">Le r\u00e9sultat s\u2019est \u00e9loign\u00e9 consid\u00e9rablement du style Second Empire encore tr\u00e8s pris\u00e9, pour plut\u00f4t s\u2019inscrire dans un courant \u00e9clectique s\u2019inspirant du style n\u00e9oroman typique des \u00e9difices public am\u00e9ricains et influenc\u00e9 par le style n\u00e9oclassique traditionnel.<\/p>\n<p><strong><a href=\"https:\/\/fr.wikipedia.org\/wiki\/H%C3%B4tel_de_ville_de_Qu%C3%A9bec\" target=\"_blank\" rel=\"noopener noreferrer\">https:\/\/fr.wikipedia.org\/wiki\/H%C3%B4tel_de_ville_de_Qu%C3%A9bec<\/a><\/strong><\/p>\n<p><strong><a href=\"http:\/\/www.ville.quebec.qc.ca\/culture_patrimoine\/archives\/pages_histoire\/hotel_ville.aspx\" target=\"_blank\" rel=\"noopener noreferrer\">http:\/\/www.ville.quebec.qc.ca\/culture_patrimoine\/archives\/pages_histoire\/hotel_ville.aspx<\/a><\/strong><\/p>","protected":false},"excerpt":{"rendered":"<p>L\u2019H\u00f4tel de ville de la ville de Qu\u00e9bec Enti\u00e8rement construit de pierres de tailles par l\u2019architecte Georges-\u00c9mile Tanguay en 1896, l\u2019imposant \u00e9difice de l\u2019H\u00f4tel de ville de la ville de Qu\u00e9bec a \u00e9t\u00e9 con\u00e7u en forme de H. L\u2019H\u00f4tel de ville de Qu\u00e9bec est situ\u00e9&#8230;<\/p>\n","protected":false},"author":4,"featured_media":0,"comment_status":"open","ping_status":"open","sticky":false,"template":"","format":"standard","meta":{"footnotes":""},"categories":[42],"tags":[],"class_list":["post-4967","post","type-post","status-publish","format-standard","hentry","category-ville-de-quebec"],"_links":{"self":[{"href":"https:\/\/www.manoirdauteuil.com\/fr\/wp-json\/wp\/v2\/posts\/4967","targetHints":{"allow":["GET"]}}],"collection":[{"href":"https:\/\/www.manoirdauteuil.com\/fr\/wp-json\/wp\/v2\/posts"}],"about":[{"href":"https:\/\/www.manoirdauteuil.com\/fr\/wp-json\/wp\/v2\/types\/post"}],"author":[{"embeddable":true,"href":"https:\/\/www.manoirdauteuil.com\/fr\/wp-json\/wp\/v2\/users\/4"}],"replies":[{"embeddable":true,"href":"https:\/\/www.manoirdauteuil.com\/fr\/wp-json\/wp\/v2\/comments?post=4967"}],"version-history":[{"count":2,"href":"https:\/\/www.manoirdauteuil.com\/fr\/wp-json\/wp\/v2\/posts\/4967\/revisions"}],"predecessor-version":[{"id":4969,"href":"https:\/\/www.manoirdauteuil.com\/fr\/wp-json\/wp\/v2\/posts\/4967\/revisions\/4969"}],"wp:attachment":[{"href":"https:\/\/www.manoirdauteuil.com\/fr\/wp-json\/wp\/v2\/media?parent=4967"}],"wp:term":[{"taxonomy":"category","embeddable":true,"href":"https:\/\/www.manoirdauteuil.com\/fr\/wp-json\/wp\/v2\/categories?post=4967"},{"taxonomy":"post_tag","embeddable":true,"href":"https:\/\/www.manoirdauteuil.com\/fr\/wp-json\/wp\/v2\/tags?post=4967"}],"curies":[{"name":"wp","href":"https:\/\/api.w.org\/{rel}","templated":true}]}}