{"id":5023,"date":"2017-07-08T23:00:38","date_gmt":"2017-07-09T03:00:38","guid":{"rendered":"http:\/\/manoirdauteuil.com\/?p=5023"},"modified":"2021-04-08T23:48:43","modified_gmt":"2021-04-09T03:48:43","slug":"quoi-faire-a-quebec-en-juillet","status":"publish","type":"post","link":"https:\/\/www.manoirdauteuil.com\/fr\/quoi-faire-a-quebec-en-juillet\/","title":{"rendered":"Quoi faire \u00e0 Qu\u00e9bec en juillet"},"content":{"rendered":"<p><img loading=\"lazy\" decoding=\"async\" class=\"alignleft size-full wp-image-5024\" src=\"http:\/\/manoirdauteuil.com\/wp-content\/uploads\/Affiche_v2-232x300-2.jpg\" alt=\"\" width=\"232\" height=\"300\" \/>Qu\u00e9bec est souvent nomin\u00e9e comme destination de choix en Am\u00e9rique du Nord gr\u00e2ce \u00e0 ses multiples activit\u00e9s et festivals qui accompagnent les temps chauds. Festivals, barbecues, musique ext\u00e9rieure sont autant de bonnes raisons pour se rassembler. Nous avons r\u00e9cemment f\u00eat\u00e9 la F\u00eate Nationale Qu\u00e9b\u00e9coise, la F\u00eate du Canada ainsi que le 409e anniversaire de la Ville de Qu\u00e9bec et nous dirigeons vers le <a href=\"https:\/\/www.infofestival.com\">Festival d\u2019\u00e9t\u00e9<\/a>, le <a href=\"http:\/\/www.rdv2017.com\/fr\/\">RDV 2017<\/a> (grands voiliers) et les F<a href=\"http:\/\/nouvellefrance.qc.ca\/accueil\/\">\u00eates de la Nouvelle-France<\/a>. Tous ces \u00e9v\u00e8nements contribuent \u00e0 faire de Qu\u00e9bec une destination vacances des plus divertissantes.<\/p>\n<p>&nbsp;<\/p>\n<p>Le Festival d\u2019\u00e9t\u00e9 de Qu\u00e9bec d\u00e9butera le 6 juillet prochain et pr\u00e9sentera plus d\u2019une <a href=\"https:\/\/www.infofestival.com\/Programmation\/Artistes-A-Z\">centaine d\u2019artistes<\/a> r\u00e9partis sur 10 jours. Le Festival c\u00e9l\u00e8bre cette ann\u00e9e sa 50<sup>e<\/sup> \u00e9dition et pour l\u2019occasion nous en mettra plein la vue. Les sc\u00e8nes ont \u00e9t\u00e9 revues et relocalis\u00e9es afin de centraliser les activit\u00e9s pr\u00e8s du Vieux-Qu\u00e9bec. Ce seront les <a href=\"https:\/\/www.metallica.com\">Metallica<\/a>, <a href=\"http:\/\/www.thewho.com\">the Who<\/a>, <a href=\"http:\/\/muse.mu\/home.htm\">Muse<\/a>, <a href=\"https:\/\/ladyantebellum.com\/#\/\">Lady Antebellum<\/a> (et <a href=\"https:\/\/www.infofestival.com\/Programmation\/Affiche\">bien d&rsquo;autres<\/a>) de ce monde qui vous charmeront par leurs m\u00e9lodies aussi int\u00e9ressantes que vari\u00e9s. Ils d\u00e9fileront sur la grande Sc\u00e8ne Bell situ\u00e9e sur les <a href=\"http:\/\/www.ccbn-nbc.gc.ca\/fr\/\">Plaines d\u2019Abraham<\/a>.<\/p>\n<p>&nbsp;<\/p>\n<p>De plus petites sc\u00e8nes accueilleront des artistes \u00e9mergents et locaux . La sc\u00e8ne Hydro-Qu\u00e9bec situ\u00e9e sur la Place d\u2019Youville ne se situe qu\u2019\u00e0 3 minutes \u00e0 pied du Manoir d\u2019Auteuil et offre des spectacles gratuits de jour et de soir aux accents de musique du monde. Tous les styles musicaux seront repr\u00e9sent\u00e9s et vous permettront une aventure sur fond de vari\u00e9t\u00e9 sonore. Les laissez-passer pourront \u00eatre achet\u00e9s sur les principaux sites.<\/p>\n<p>&nbsp;<\/p>\n<p><img loading=\"lazy\" decoding=\"async\" class=\"alignright size-full wp-image-5030\" src=\"http:\/\/manoirdauteuil.com\/wp-content\/uploads\/Screen-Shot-2017-06-08-at-5.04.01-PM-300x131-2.png\" alt=\"\" width=\"300\" height=\"131\" srcset=\"https:\/\/www.manoirdauteuil.com\/wp-content\/uploads\/Screen-Shot-2017-06-08-at-5.04.01-PM-300x131-2.png 300w, https:\/\/www.manoirdauteuil.com\/wp-content\/uploads\/Screen-Shot-2017-06-08-at-5.04.01-PM-300x131-2-275x120.png 275w\" sizes=\"auto, (max-width: 300px) 100vw, 300px\" \/>Puis, juillet se poursuivant, nous auront l\u2019immense plaisir d\u2019accueillir le <a href=\"http:\/\/www.rdv2017.com\/fr\/\">RDV2017<\/a> (18 au 23 juillet) comme derni\u00e8re \u00e9tape avant la derni\u00e8re course menant les grands voiliers au port final de le Havre en France. Un rassemblement similaire s\u2019\u00e9tait produit en 1984 et avait attir\u00e9 une foule de pr\u00e8s d\u2019un million de curieux sur les berges du Fleuve Saint-Laurent. Nous en esp\u00e9rons tout autant cette ann\u00e9e lors du d\u00e9fil\u00e9 de cl\u00f4ture du 23 juillet \u00e0 8 :00.<\/p>\n<p>&nbsp;<\/p>\n<p>Leur venue est en l\u2019honneur du 150<sup>e<\/sup> anniversaire du Canada et ce seront <a href=\"http:\/\/www.rdv2017.com\/fr\/la-programmation\/\">5 jours de festivit\u00e9s, spectacles, activit\u00e9s<\/a> \u00e0 saveur marines qui nous attendent. Les quelques 3000 membres d\u2019\u00e9quipage d\u00e9fileront dans le <a href=\"http:\/\/www.quartierpetitchamplain.com\">Petit Champlain<\/a> le 20 juillet \u00e0 14 :00 afin de partager avec vous leur passion de la voile et du grand large. Il est temps de fouiller notre m\u00e9moire pour se souvenir de nos n\u0153uds marins et se pratiquer! C\u2019est un rendez-vous!<\/p>\n<p>&nbsp;<\/p>\n<p>Les deux derni\u00e8res semaines de juillet sont connues au Qu\u00e9bec comme les \u00ab <a href=\"https:\/\/fr.wikipedia.org\/wiki\/Vacances_de_la_construction\">semaines de la construction<\/a> \u00bb puisqu\u2019une majorit\u00e9 de la population et des travailleurs de la construction seront en cong\u00e9. Les soir\u00e9es sont plus agr\u00e9ables, les jours plus chauds et ensoleill\u00e9es. Les boutiques gardent leurs portes ouvertes plus longuement pour accueillir la foule qui afflue. Puis, juillet devient ao\u00fbt et avec son arriv\u00e9e viennent <a href=\"http:\/\/nouvellefrance.qc.ca\/accueil\/\">les F\u00eates de la Nouvelle-France<\/a>. Nous ch\u00e9rissons notre histoire et aimons beaucoup la partager.<\/p>\n<p>&nbsp;<\/p>\n<p><a href=\"https:\/\/fr.wikipedia.org\/wiki\/Histoire_de_la_ville_de_Qu\u00e9bec\">Qu\u00e9bec fue fond\u00e9e en 1608<\/a> et vous vous douterez bien que la nourriture, les v\u00eatement, les m\u00e9tiers et le language ont bien \u00e9volu\u00e9s depuis ce temps. Du 9 au 13 ao\u00fbt, visiter le Petit Champlain devient un voyage qui vous transportera dans une \u00e9poque d\u00e9sormais r\u00e9volue. \u00c0 seulement 15 minutes du Manoir d\u2019Auteuil, d\u00e9couvrez d\u2019o\u00f9 nous (et peut-\u00eatre vous aussi) venons! Concert de musique traditionnelle, parades de costumes d&rsquo;\u00e9poque et grands barbecues d&rsquo;autrefois vous attendrons les bras ouverts comme seuls les Qu\u00e9b\u00e9cois savent le faire!<\/p>\n<p><img loading=\"lazy\" decoding=\"async\" class=\"aligncenter size-full wp-image-5036\" src=\"http:\/\/manoirdauteuil.com\/wp-content\/uploads\/SA_FNF2015_Costumes_8-copy-280x210-1.jpg\" alt=\"\" width=\"280\" height=\"210\" srcset=\"https:\/\/www.manoirdauteuil.com\/wp-content\/uploads\/SA_FNF2015_Costumes_8-copy-280x210-1.jpg 280w, https:\/\/www.manoirdauteuil.com\/wp-content\/uploads\/SA_FNF2015_Costumes_8-copy-280x210-1-275x206.jpg 275w\" sizes=\"auto, (max-width: 280px) 100vw, 280px\" \/><\/p>\n<p>Vous voyez, il est impossible de rester \u00ab encaban\u00e9 \u00bb lors d\u2019une visite en \u00e9t\u00e9. Qu\u00e9bec est pleine de vie, il vous suffit de tendre la main pour la saisir!<\/p>","protected":false},"excerpt":{"rendered":"<p>Qu\u00e9bec est souvent nomin\u00e9e comme destination de choix en Am\u00e9rique du Nord gr\u00e2ce \u00e0 ses multiples activit\u00e9s et festivals qui accompagnent les temps chauds. Festivals, barbecues, musique ext\u00e9rieure sont autant de bonnes raisons pour se rassembler. Nous avons r\u00e9cemment f\u00eat\u00e9 la F\u00eate Nationale Qu\u00e9b\u00e9coise, la&#8230;<\/p>\n","protected":false},"author":4,"featured_media":0,"comment_status":"open","ping_status":"open","sticky":false,"template":"","format":"standard","meta":{"footnotes":""},"categories":[42],"tags":[],"class_list":["post-5023","post","type-post","status-publish","format-standard","hentry","category-ville-de-quebec"],"_links":{"self":[{"href":"https:\/\/www.manoirdauteuil.com\/fr\/wp-json\/wp\/v2\/posts\/5023","targetHints":{"allow":["GET"]}}],"collection":[{"href":"https:\/\/www.manoirdauteuil.com\/fr\/wp-json\/wp\/v2\/posts"}],"about":[{"href":"https:\/\/www.manoirdauteuil.com\/fr\/wp-json\/wp\/v2\/types\/post"}],"author":[{"embeddable":true,"href":"https:\/\/www.manoirdauteuil.com\/fr\/wp-json\/wp\/v2\/users\/4"}],"replies":[{"embeddable":true,"href":"https:\/\/www.manoirdauteuil.com\/fr\/wp-json\/wp\/v2\/comments?post=5023"}],"version-history":[{"count":2,"href":"https:\/\/www.manoirdauteuil.com\/fr\/wp-json\/wp\/v2\/posts\/5023\/revisions"}],"predecessor-version":[{"id":5043,"href":"https:\/\/www.manoirdauteuil.com\/fr\/wp-json\/wp\/v2\/posts\/5023\/revisions\/5043"}],"wp:attachment":[{"href":"https:\/\/www.manoirdauteuil.com\/fr\/wp-json\/wp\/v2\/media?parent=5023"}],"wp:term":[{"taxonomy":"category","embeddable":true,"href":"https:\/\/www.manoirdauteuil.com\/fr\/wp-json\/wp\/v2\/categories?post=5023"},{"taxonomy":"post_tag","embeddable":true,"href":"https:\/\/www.manoirdauteuil.com\/fr\/wp-json\/wp\/v2\/tags?post=5023"}],"curies":[{"name":"wp","href":"https:\/\/api.w.org\/{rel}","templated":true}]}}