{"id":5049,"date":"2017-10-17T23:11:26","date_gmt":"2017-10-18T03:11:26","guid":{"rendered":"http:\/\/manoirdauteuil.com\/?p=5049"},"modified":"2021-04-08T23:45:12","modified_gmt":"2021-04-09T03:45:12","slug":"la-conference-internationale-arctic-change-2017","status":"publish","type":"post","link":"https:\/\/www.manoirdauteuil.com\/fr\/la-conference-internationale-arctic-change-2017\/","title":{"rendered":"La conf\u00e9rence internationale Arctic Change 2017"},"content":{"rendered":"<h1>La conf\u00e9rence internationale Arctic Change 2017<\/h1>\n<p>Le Centre des congr\u00e8s de Qu\u00e9bec accueille la conf\u00e9rence internationale Arctic Change 2017 du 11 au 15 d\u00e9cembre 2017.<\/p>\n<p>La conf\u00e9rence Arctic Change 2017 rassemblera un grand nombre de personnes qui ont \u00e0 c\u0153ur la sauvegarde des territoires arctiques. Des \u00e9minents chercheurs, des \u00e9tudiants, des repr\u00e9sentants des communaut\u00e9s nordiques, des repr\u00e9sentants du gouvernement et plusieurs autres intervenants se r\u00e9unissent pour trouver des solutions\u00a0 \u00e0 ce probl\u00e8me \u00e9minent. Les sp\u00e9cialistes de l\u2019Arctique se pencheront sur les d\u00e9fis et les opportunit\u00e9s qui sont le r\u00e9sultat des changements climatiques.<\/p>\n<p>L\u2019Arctique subit une transformation sans pr\u00e9c\u00e9dent, autant dans son milieu terrestre et son perg\u00e9lisol que son milieu de glace et marin. C\u2019est le continent affect\u00e9 le plus rapidement par les changements climatiques. Les pr\u00e9occupations nationales et internationales mettent en priorit\u00e9 la recherche de solutions pour pr\u00e9server ces \u00e9cosyst\u00e8mes, leurs populations et les incidences importantes sur l\u2019ensemble de la plan\u00e8te.<\/p>\n<p>La communaut\u00e9 sur la recherche arctique invite tous les intervenants \u00e0 Qu\u00e9bec \u00e0 Arctic Change 2017 ou plus de 1500 participants sont attendus, C\u2019est l\u2019une des plus importantes conf\u00e9rences internationales sur la recherche arctique jamais tenue au Canada.<\/p>","protected":false},"excerpt":{"rendered":"<p>La conf\u00e9rence internationale Arctic Change 2017 Le Centre des congr\u00e8s de Qu\u00e9bec accueille la conf\u00e9rence internationale Arctic Change 2017 du 11 au 15 d\u00e9cembre 2017. La conf\u00e9rence Arctic Change 2017 rassemblera un grand nombre de personnes qui ont \u00e0 c\u0153ur la sauvegarde des territoires arctiques&#8230;.<\/p>\n","protected":false},"author":4,"featured_media":0,"comment_status":"open","ping_status":"open","sticky":false,"template":"","format":"standard","meta":{"footnotes":""},"categories":[42],"tags":[],"class_list":["post-5049","post","type-post","status-publish","format-standard","hentry","category-ville-de-quebec"],"_links":{"self":[{"href":"https:\/\/www.manoirdauteuil.com\/fr\/wp-json\/wp\/v2\/posts\/5049","targetHints":{"allow":["GET"]}}],"collection":[{"href":"https:\/\/www.manoirdauteuil.com\/fr\/wp-json\/wp\/v2\/posts"}],"about":[{"href":"https:\/\/www.manoirdauteuil.com\/fr\/wp-json\/wp\/v2\/types\/post"}],"author":[{"embeddable":true,"href":"https:\/\/www.manoirdauteuil.com\/fr\/wp-json\/wp\/v2\/users\/4"}],"replies":[{"embeddable":true,"href":"https:\/\/www.manoirdauteuil.com\/fr\/wp-json\/wp\/v2\/comments?post=5049"}],"version-history":[{"count":1,"href":"https:\/\/www.manoirdauteuil.com\/fr\/wp-json\/wp\/v2\/posts\/5049\/revisions"}],"predecessor-version":[{"id":5050,"href":"https:\/\/www.manoirdauteuil.com\/fr\/wp-json\/wp\/v2\/posts\/5049\/revisions\/5050"}],"wp:attachment":[{"href":"https:\/\/www.manoirdauteuil.com\/fr\/wp-json\/wp\/v2\/media?parent=5049"}],"wp:term":[{"taxonomy":"category","embeddable":true,"href":"https:\/\/www.manoirdauteuil.com\/fr\/wp-json\/wp\/v2\/categories?post=5049"},{"taxonomy":"post_tag","embeddable":true,"href":"https:\/\/www.manoirdauteuil.com\/fr\/wp-json\/wp\/v2\/tags?post=5049"}],"curies":[{"name":"wp","href":"https:\/\/api.w.org\/{rel}","templated":true}]}}